{"id":531,"date":"2013-06-16T18:31:34","date_gmt":"2013-06-16T16:31:34","guid":{"rendered":"http:\/\/www.saekularerbuddhismus.org\/?p=531"},"modified":"2019-08-19T17:35:32","modified_gmt":"2019-08-19T15:35:32","slug":"menschen-sind-nicht-illegal","status":"publish","type":"post","link":"http:\/\/www.saekularerbuddhismus.org\/?p=531","title":{"rendered":"Menschen sind nicht illegal"},"content":{"rendered":"<h1>Menschen sind nicht illegal<\/h1>\n<p><em>Warum \u00e4u\u00dfern sich Buddhisten <\/em><em>kaum jemals <\/em><em>zu gesellschaftspolitischen Themen? <\/em> wurde der Pr\u00e4sident der \u00d6sterreichischen Buddhistischen Religionsgesellschaft k\u00fcrzlich in einem Interview gefragt. Gute Frage, dachte ich mir, als ich heute demonstrieren ging. Seit bald zwei Monaten sitzen in der gro\u00dfen, kalten Wiener Votivkirche knapp 50 Fl\u00fcchtlinge und Asylwerber, viele von ihnen im Hungerstreik. Es geht ihnen f\u00fcr sich selbst und f\u00fcr Menschen in \u00e4hnlichen Situationen darum, vor Abschiebung sicher zu sein, besser untergebracht zu werden als bisher und mehr Zugang zum Arbeitsmarkt zu bekommen. F\u00fcr all das gibt es Gesetze in \u00d6sterreich, die allerdings von Betroffenen und vielen Fachleuten kritisiert werden. Politiker aller Couleurs bis zum Bundespr\u00e4sidenten haben die M\u00e4nner in der Kirche unter Hinweis auf die Gesetzeslage mit unterschiedlichem Nachdruck wissen lassen, ihre Aktion sei sinnlos und wirkungslos. Jedenfalls hat sie f\u00fcrs erste dazu gef\u00fchrt, dass die Anliegen von Fl\u00fcchtlingen und Asylwerberinnen in der \u00d6ffentlichkeit st\u00e4rker pr\u00e4sent sind und mehr diskutiert werden. Die paar tausend friedlichen Demonstrantinnen und Demonstranten aller Altersgruppen und Hautfarben, mit denen ich heute unter Slogans wie <em>no border &#8211; no nation &#8211; no deportation <\/em>und<em> kein Mensch ist illegal <\/em>durch Wien gezogen bin, vertreten die Meinung, dass neue Gesetze gemacht und alte ge\u00e4ndert werden k\u00f6nnen. De facto geschieht das in den verschiedensten Bereichen laufend in \u00d6sterreich, in Europa, in allen L\u00e4ndern; es h\u00e4ngt nur von der St\u00e4rke der Gruppe ab, die sich daf\u00fcr einsetzt. Und dabei geht es nach dem ber\u00fchmten Satz von Margaret Mead nicht in erster Linie um ihre Gr\u00f6\u00dfe: <em>Never doubt that a small group of thoughtful, committed citizens can change the world. Indeed, it is the only thing that ever has.<\/em> Wir k\u00f6nnten einfach die Anliegen der M\u00e4nner in der Votivkirche, die f\u00fcr zehntausende Menschen in \u00e4hnlichen Situationen sprechen oder schweigen, zu den unseren machen.<\/p>\n","protected":false},"excerpt":{"rendered":"<p>Menschen sind nicht illegal Warum \u00e4u\u00dfern sich Buddhisten kaum jemals zu gesellschaftspolitischen Themen? wurde der Pr\u00e4sident der \u00d6sterreichischen Buddhistischen Religionsgesellschaft k\u00fcrzlich in einem Interview gefragt. Gute Frage, dachte ich mir, als ich heute demonstrieren ging. Seit bald zwei Monaten sitzen in der gro\u00dfen, kalten Wiener Votivkirche knapp 50 Fl\u00fcchtlinge und Asylwerber, viele von ihnen im &hellip; <\/p>\n<p class=\"link-more\"><a href=\"http:\/\/www.saekularerbuddhismus.org\/?p=531\" class=\"more-link\"><span class=\"screen-reader-text\">\u201eMenschen sind nicht illegal\u201c<\/span> weiterlesen<\/a><\/p>\n","protected":false},"author":4,"featured_media":0,"comment_status":"open","ping_status":"open","sticky":false,"template":"","format":"aside","meta":{"_exactmetrics_skip_tracking":false,"_exactmetrics_sitenote_active":false,"_exactmetrics_sitenote_note":"","_exactmetrics_sitenote_category":0},"categories":[8],"tags":[],"_links":{"self":[{"href":"http:\/\/www.saekularerbuddhismus.org\/index.php?rest_route=\/wp\/v2\/posts\/531"}],"collection":[{"href":"http:\/\/www.saekularerbuddhismus.org\/index.php?rest_route=\/wp\/v2\/posts"}],"about":[{"href":"http:\/\/www.saekularerbuddhismus.org\/index.php?rest_route=\/wp\/v2\/types\/post"}],"author":[{"embeddable":true,"href":"http:\/\/www.saekularerbuddhismus.org\/index.php?rest_route=\/wp\/v2\/users\/4"}],"replies":[{"embeddable":true,"href":"http:\/\/www.saekularerbuddhismus.org\/index.php?rest_route=%2Fwp%2Fv2%2Fcomments&post=531"}],"version-history":[{"count":38,"href":"http:\/\/www.saekularerbuddhismus.org\/index.php?rest_route=\/wp\/v2\/posts\/531\/revisions"}],"predecessor-version":[{"id":5328,"href":"http:\/\/www.saekularerbuddhismus.org\/index.php?rest_route=\/wp\/v2\/posts\/531\/revisions\/5328"}],"wp:attachment":[{"href":"http:\/\/www.saekularerbuddhismus.org\/index.php?rest_route=%2Fwp%2Fv2%2Fmedia&parent=531"}],"wp:term":[{"taxonomy":"category","embeddable":true,"href":"http:\/\/www.saekularerbuddhismus.org\/index.php?rest_route=%2Fwp%2Fv2%2Fcategories&post=531"},{"taxonomy":"post_tag","embeddable":true,"href":"http:\/\/www.saekularerbuddhismus.org\/index.php?rest_route=%2Fwp%2Fv2%2Ftags&post=531"}],"curies":[{"name":"wp","href":"https:\/\/api.w.org\/{rel}","templated":true}]}}