{"id":1363,"date":"2013-08-02T10:12:50","date_gmt":"2013-08-02T08:12:50","guid":{"rendered":"http:\/\/www.saekularerbuddhismus.org\/?p=1363"},"modified":"2013-08-02T10:23:07","modified_gmt":"2013-08-02T08:23:07","slug":"gemeinsam","status":"publish","type":"post","link":"http:\/\/www.saekularerbuddhismus.org\/?p=1363","title":{"rendered":"Gemeinsam"},"content":{"rendered":"<p>Vergesset nicht<br \/>\nFreunde<br \/>\nwir reisen gemeinsam<\/p>\n<p>besteigen Berge<br \/>\npfl\u00fccken Himbeeren<br \/>\nlassen uns tragen<br \/>\nvon den vier Winden<\/p>\n<p>Vergesset nicht<br \/>\nes ist unsre<br \/>\ngemeinsame Welt<br \/>\ndie ungeteilte<br \/>\nach die geteilte<\/p>\n<p>die uns aufbl\u00fchen l\u00e4\u00dft<br \/>\ndie uns vernichtet<br \/>\ndiese zerrissene<br \/>\nungeteilte Erde<br \/>\nauf der wir<br \/>\ngemeinsam reisen<\/p>\n<p style=\"text-align: right;\">Rose Ausl\u00e4nder<\/p>\n","protected":false},"excerpt":{"rendered":"<p>Vergesset nicht Freunde wir reisen gemeinsam besteigen Berge pfl\u00fccken Himbeeren lassen uns tragen von den vier Winden Vergesset nicht es ist unsre gemeinsame Welt die ungeteilte ach die geteilte die uns aufbl\u00fchen l\u00e4\u00dft die uns vernichtet diese zerrissene ungeteilte Erde auf der wir gemeinsam reisen Rose Ausl\u00e4nder<\/p>\n","protected":false},"author":4,"featured_media":0,"comment_status":"open","ping_status":"open","sticky":false,"template":"","format":"aside","meta":{"_exactmetrics_skip_tracking":false,"_exactmetrics_sitenote_active":false,"_exactmetrics_sitenote_note":"","_exactmetrics_sitenote_category":0},"categories":[1,10],"tags":[],"_links":{"self":[{"href":"http:\/\/www.saekularerbuddhismus.org\/index.php?rest_route=\/wp\/v2\/posts\/1363"}],"collection":[{"href":"http:\/\/www.saekularerbuddhismus.org\/index.php?rest_route=\/wp\/v2\/posts"}],"about":[{"href":"http:\/\/www.saekularerbuddhismus.org\/index.php?rest_route=\/wp\/v2\/types\/post"}],"author":[{"embeddable":true,"href":"http:\/\/www.saekularerbuddhismus.org\/index.php?rest_route=\/wp\/v2\/users\/4"}],"replies":[{"embeddable":true,"href":"http:\/\/www.saekularerbuddhismus.org\/index.php?rest_route=%2Fwp%2Fv2%2Fcomments&post=1363"}],"version-history":[{"count":8,"href":"http:\/\/www.saekularerbuddhismus.org\/index.php?rest_route=\/wp\/v2\/posts\/1363\/revisions"}],"predecessor-version":[{"id":1371,"href":"http:\/\/www.saekularerbuddhismus.org\/index.php?rest_route=\/wp\/v2\/posts\/1363\/revisions\/1371"}],"wp:attachment":[{"href":"http:\/\/www.saekularerbuddhismus.org\/index.php?rest_route=%2Fwp%2Fv2%2Fmedia&parent=1363"}],"wp:term":[{"taxonomy":"category","embeddable":true,"href":"http:\/\/www.saekularerbuddhismus.org\/index.php?rest_route=%2Fwp%2Fv2%2Fcategories&post=1363"},{"taxonomy":"post_tag","embeddable":true,"href":"http:\/\/www.saekularerbuddhismus.org\/index.php?rest_route=%2Fwp%2Fv2%2Ftags&post=1363"}],"curies":[{"name":"wp","href":"https:\/\/api.w.org\/{rel}","templated":true}]}}